{"id":432,"date":"2026-02-24T19:20:09","date_gmt":"2026-02-24T19:20:09","guid":{"rendered":"https:\/\/www.bangbro.se\/?p=432"},"modified":"2026-02-24T19:20:10","modified_gmt":"2026-02-24T19:20:10","slug":"seniorfrukost-pa-bangbro-herrgard","status":"publish","type":"post","link":"https:\/\/www.bangbro.se\/index.php\/2026\/02\/24\/seniorfrukost-pa-bangbro-herrgard\/","title":{"rendered":"Seniorfrukost p\u00e5 B\u00e5ngbro Herrg\u00e5rd"},"content":{"rendered":"\n<p>I samarbete med PRO bjuder vi in till en h\u00e4rlig Seniorfrukost i vacker herrg\u00e5rdsmilj\u00f6.<\/p>\n\n\n\n<p><img loading=\"lazy\" decoding=\"async\" height=\"16\" width=\"16\" alt=\"\ud83d\uddd3\" src=\"https:\/\/static.xx.fbcdn.net\/images\/emoji.php\/v9\/t5c\/1\/16\/1f5d3.png\"> Onsdag 4\/3<\/p>\n\n\n\n<p><img loading=\"lazy\" decoding=\"async\" height=\"16\" width=\"16\" alt=\"\u23f0\" src=\"https:\/\/static.xx.fbcdn.net\/images\/emoji.php\/v9\/t34\/1\/16\/23f0.png\"> Kl. 8.30\u201310.30<\/p>\n\n\n\n<p><img loading=\"lazy\" decoding=\"async\" height=\"16\" width=\"16\" alt=\"\ud83d\udc75\" src=\"https:\/\/static.xx.fbcdn.net\/images\/emoji.php\/v9\/t2a\/1\/16\/1f475.png\"><img loading=\"lazy\" decoding=\"async\" height=\"16\" width=\"16\" alt=\"\ud83e\uddd3\" src=\"https:\/\/static.xx.fbcdn.net\/images\/emoji.php\/v9\/t60\/1\/16\/1f9d3.png\"> G\u00e4ller alla 65+<\/p>\n\n\n\n<p><img loading=\"lazy\" decoding=\"async\" height=\"16\" width=\"16\" alt=\"\ud83d\udcb0\" src=\"https:\/\/static.xx.fbcdn.net\/images\/emoji.php\/v9\/t5a\/1\/16\/1f4b0.png\"> Rabatterat pris: 119 kr<\/p>\n\n\n\n<p><img loading=\"lazy\" decoding=\"async\" height=\"16\" width=\"16\" alt=\"\ud83d\udcde\" src=\"https:\/\/static.xx.fbcdn.net\/images\/emoji.php\/v9\/t4d\/1\/16\/1f4de.png\"> F\u00f6ranm\u00e4lan till Inga-Lill B\u00e4cker<\/p>\n\n\n\n<p><img loading=\"lazy\" decoding=\"async\" height=\"16\" width=\"16\" alt=\"\u260e\ufe0f\" src=\"https:\/\/static.xx.fbcdn.net\/images\/emoji.php\/v9\/t22\/1\/16\/260e.png\"> 070-623 88 01<\/p>\n\n\n\n<p><img loading=\"lazy\" decoding=\"async\" height=\"16\" width=\"16\" alt=\"\ud83d\uddd3\" src=\"https:\/\/static.xx.fbcdn.net\/images\/emoji.php\/v9\/t5c\/1\/16\/1f5d3.png\"> Anm\u00e4lan Senast 2\/3<\/p>\n\n\n\n<p>V\u00e4lkommen att njuta av en god frukost, trevligt s\u00e4llskap och en fin start p\u00e5 dagen! <img loading=\"lazy\" decoding=\"async\" height=\"16\" width=\"16\" alt=\"\ud83d\udc9b\" src=\"https:\/\/static.xx.fbcdn.net\/images\/emoji.php\/v9\/t15\/1\/16\/1f49b.png\"><\/p>\n","protected":false},"excerpt":{"rendered":"<p>I samarbete med PRO bjuder vi in till en h\u00e4rlig Seniorfrukost i vacker herrg\u00e5rdsmilj\u00f6. Onsdag 4\/3 Kl. 8.30\u201310.30 G\u00e4ller alla 65+ Rabatterat pris: 119 kr F\u00f6ranm\u00e4lan till Inga-Lill B\u00e4cker 070-623 88 01 Anm\u00e4lan Senast 2\/3 V\u00e4lkommen att njuta av en god frukost, trevligt s\u00e4llskap och en fin start p\u00e5 dagen!<\/p>\n","protected":false},"author":1,"featured_media":433,"comment_status":"open","ping_status":"open","sticky":false,"template":"","format":"standard","meta":{"saved_in_kubio":false,"footnotes":""},"categories":[7],"tags":[],"class_list":["post-432","post","type-post","status-publish","format-standard","has-post-thumbnail","hentry","category-event"],"yoast_head":"<!-- This site is optimized with the Yoast SEO plugin v26.9 - https:\/\/yoast.com\/product\/yoast-seo-wordpress\/ -->\n<title>Seniorfrukost p\u00e5 B\u00e5ngbro Herrg\u00e5rd - B\u00e5ngbro Herrg\u00e5rd<\/title>\n<meta name=\"description\" content=\"I samarbete med PRO bjuder vi in till en h\u00e4rlig Seniorfrukost i vacker herrg\u00e5rdsmilj\u00f6. Onsdag 4\/3 Kl. 8.30\u201310.30 G\u00e4ller alla 65+ Rabatterat pris: 119 kr F\u00f6ranm\u00e4lan till Inga-Lill B\u00e4cker 070-623 88 01 Anm\u00e4lan Senast 2\/3V\u00e4lkommen att njuta av en god frukost, trevligt s\u00e4llskap och en fin start p\u00e5 dagen!\" \/>\n<meta name=\"robots\" content=\"index, follow, max-snippet:-1, max-image-preview:large, max-video-preview:-1\" \/>\n<link rel=\"canonical\" href=\"https:\/\/www.bangbro.se\/index.php\/2026\/02\/24\/seniorfrukost-pa-bangbro-herrgard\/\" \/>\n<meta property=\"og:locale\" content=\"sv_SE\" \/>\n<meta property=\"og:type\" content=\"article\" \/>\n<meta property=\"og:title\" content=\"Seniorfrukost p\u00e5 B\u00e5ngbro Herrg\u00e5rd - B\u00e5ngbro Herrg\u00e5rd\" \/>\n<meta property=\"og:description\" content=\"I samarbete med PRO bjuder vi in till en h\u00e4rlig Seniorfrukost i vacker herrg\u00e5rdsmilj\u00f6. Onsdag 4\/3 Kl. 8.30\u201310.30 G\u00e4ller alla 65+ Rabatterat pris: 119 kr F\u00f6ranm\u00e4lan till Inga-Lill B\u00e4cker 070-623 88 01 Anm\u00e4lan Senast 2\/3V\u00e4lkommen att njuta av en god frukost, trevligt s\u00e4llskap och en fin start p\u00e5 dagen!\" \/>\n<meta property=\"og:url\" content=\"https:\/\/www.bangbro.se\/index.php\/2026\/02\/24\/seniorfrukost-pa-bangbro-herrgard\/\" \/>\n<meta property=\"og:site_name\" content=\"B\u00e5ngbro Herrg\u00e5rd\" \/>\n<meta property=\"article:publisher\" content=\"https:\/\/www.facebook.com\/profile.php?id=100057122364411\" \/>\n<meta property=\"article:published_time\" content=\"2026-02-24T19:20:09+00:00\" \/>\n<meta property=\"article:modified_time\" content=\"2026-02-24T19:20:10+00:00\" \/>\n<meta property=\"og:image\" content=\"https:\/\/www.bangbro.se\/wp-content\/uploads\/2026\/02\/PRO-Frukost-Inbjudan.png\" \/>\n\t<meta property=\"og:image:width\" content=\"1080\" \/>\n\t<meta property=\"og:image:height\" content=\"1080\" \/>\n\t<meta property=\"og:image:type\" content=\"image\/png\" \/>\n<meta name=\"author\" content=\"admin\" \/>\n<meta name=\"twitter:card\" content=\"summary_large_image\" \/>\n<meta name=\"twitter:label1\" content=\"Skriven av\" \/>\n\t<meta name=\"twitter:data1\" content=\"admin\" \/>\n\t<meta name=\"twitter:label2\" content=\"Ber\u00e4knad l\u00e4stid\" \/>\n\t<meta name=\"twitter:data2\" content=\"3 minuter\" \/>\n<script type=\"application\/ld+json\" class=\"yoast-schema-graph\">{\"@context\":\"https:\/\/schema.org\",\"@graph\":[{\"@type\":\"Article\",\"@id\":\"https:\/\/www.bangbro.se\/index.php\/2026\/02\/24\/seniorfrukost-pa-bangbro-herrgard\/#article\",\"isPartOf\":{\"@id\":\"https:\/\/www.bangbro.se\/index.php\/2026\/02\/24\/seniorfrukost-pa-bangbro-herrgard\/\"},\"author\":{\"name\":\"admin\",\"@id\":\"https:\/\/www.bangbro.se\/#\/schema\/person\/14e2112bfc3d724b3b8cf6b68f5b19ee\"},\"headline\":\"Seniorfrukost p\u00e5 B\u00e5ngbro Herrg\u00e5rd\",\"datePublished\":\"2026-02-24T19:20:09+00:00\",\"dateModified\":\"2026-02-24T19:20:10+00:00\",\"mainEntityOfPage\":{\"@id\":\"https:\/\/www.bangbro.se\/index.php\/2026\/02\/24\/seniorfrukost-pa-bangbro-herrgard\/\"},\"wordCount\":58,\"commentCount\":0,\"publisher\":{\"@id\":\"https:\/\/www.bangbro.se\/#organization\"},\"image\":{\"@id\":\"https:\/\/www.bangbro.se\/index.php\/2026\/02\/24\/seniorfrukost-pa-bangbro-herrgard\/#primaryimage\"},\"thumbnailUrl\":\"https:\/\/www.bangbro.se\/wp-content\/uploads\/2026\/02\/PRO-Frukost-Inbjudan.png\",\"articleSection\":[\"Event\"],\"inLanguage\":\"sv-SE\",\"potentialAction\":[{\"@type\":\"CommentAction\",\"name\":\"Comment\",\"target\":[\"https:\/\/www.bangbro.se\/index.php\/2026\/02\/24\/seniorfrukost-pa-bangbro-herrgard\/#respond\"]}]},{\"@type\":\"WebPage\",\"@id\":\"https:\/\/www.bangbro.se\/index.php\/2026\/02\/24\/seniorfrukost-pa-bangbro-herrgard\/\",\"url\":\"https:\/\/www.bangbro.se\/index.php\/2026\/02\/24\/seniorfrukost-pa-bangbro-herrgard\/\",\"name\":\"Seniorfrukost p\u00e5 B\u00e5ngbro Herrg\u00e5rd - B\u00e5ngbro Herrg\u00e5rd\",\"isPartOf\":{\"@id\":\"https:\/\/www.bangbro.se\/#website\"},\"primaryImageOfPage\":{\"@id\":\"https:\/\/www.bangbro.se\/index.php\/2026\/02\/24\/seniorfrukost-pa-bangbro-herrgard\/#primaryimage\"},\"image\":{\"@id\":\"https:\/\/www.bangbro.se\/index.php\/2026\/02\/24\/seniorfrukost-pa-bangbro-herrgard\/#primaryimage\"},\"thumbnailUrl\":\"https:\/\/www.bangbro.se\/wp-content\/uploads\/2026\/02\/PRO-Frukost-Inbjudan.png\",\"datePublished\":\"2026-02-24T19:20:09+00:00\",\"dateModified\":\"2026-02-24T19:20:10+00:00\",\"description\":\"I samarbete med PRO bjuder vi in till en h\u00e4rlig Seniorfrukost i vacker herrg\u00e5rdsmilj\u00f6. Onsdag 4\/3 Kl. 8.30\u201310.30 G\u00e4ller alla 65+ Rabatterat pris: 119 kr F\u00f6ranm\u00e4lan till Inga-Lill B\u00e4cker 070-623 88 01 Anm\u00e4lan Senast 2\/3V\u00e4lkommen att njuta av en god frukost, trevligt s\u00e4llskap och en fin start p\u00e5 dagen!\",\"breadcrumb\":{\"@id\":\"https:\/\/www.bangbro.se\/index.php\/2026\/02\/24\/seniorfrukost-pa-bangbro-herrgard\/#breadcrumb\"},\"inLanguage\":\"sv-SE\",\"potentialAction\":[{\"@type\":\"ReadAction\",\"target\":[\"https:\/\/www.bangbro.se\/index.php\/2026\/02\/24\/seniorfrukost-pa-bangbro-herrgard\/\"]}]},{\"@type\":\"ImageObject\",\"inLanguage\":\"sv-SE\",\"@id\":\"https:\/\/www.bangbro.se\/index.php\/2026\/02\/24\/seniorfrukost-pa-bangbro-herrgard\/#primaryimage\",\"url\":\"https:\/\/www.bangbro.se\/wp-content\/uploads\/2026\/02\/PRO-Frukost-Inbjudan.png\",\"contentUrl\":\"https:\/\/www.bangbro.se\/wp-content\/uploads\/2026\/02\/PRO-Frukost-Inbjudan.png\",\"width\":1080,\"height\":1080},{\"@type\":\"BreadcrumbList\",\"@id\":\"https:\/\/www.bangbro.se\/index.php\/2026\/02\/24\/seniorfrukost-pa-bangbro-herrgard\/#breadcrumb\",\"itemListElement\":[{\"@type\":\"ListItem\",\"position\":1,\"name\":\"Hem\",\"item\":\"https:\/\/www.bangbro.se\/\"},{\"@type\":\"ListItem\",\"position\":2,\"name\":\"Seniorfrukost p\u00e5 B\u00e5ngbro Herrg\u00e5rd\"}]},{\"@type\":\"WebSite\",\"@id\":\"https:\/\/www.bangbro.se\/#website\",\"url\":\"https:\/\/www.bangbro.se\/\",\"name\":\"B\u00e5ngbro Herrg\u00e5rd\",\"description\":\"\",\"publisher\":{\"@id\":\"https:\/\/www.bangbro.se\/#organization\"},\"potentialAction\":[{\"@type\":\"SearchAction\",\"target\":{\"@type\":\"EntryPoint\",\"urlTemplate\":\"https:\/\/www.bangbro.se\/?s={search_term_string}\"},\"query-input\":{\"@type\":\"PropertyValueSpecification\",\"valueRequired\":true,\"valueName\":\"search_term_string\"}}],\"inLanguage\":\"sv-SE\"},{\"@type\":\"Organization\",\"@id\":\"https:\/\/www.bangbro.se\/#organization\",\"name\":\"B\u00e5ngbro Herrg\u00e5rd\",\"url\":\"https:\/\/www.bangbro.se\/\",\"logo\":{\"@type\":\"ImageObject\",\"inLanguage\":\"sv-SE\",\"@id\":\"https:\/\/www.bangbro.se\/#\/schema\/logo\/image\/\",\"url\":\"https:\/\/www.bangbro.se\/wp-content\/uploads\/2025\/07\/Logo-org-vit.png\",\"contentUrl\":\"https:\/\/www.bangbro.se\/wp-content\/uploads\/2025\/07\/Logo-org-vit.png\",\"width\":701,\"height\":326,\"caption\":\"B\u00e5ngbro Herrg\u00e5rd\"},\"image\":{\"@id\":\"https:\/\/www.bangbro.se\/#\/schema\/logo\/image\/\"},\"sameAs\":[\"https:\/\/www.facebook.com\/profile.php?id=100057122364411\",\"https:\/\/www.instagram.com\/bangbro_herrgard\/\"]},{\"@type\":\"Person\",\"@id\":\"https:\/\/www.bangbro.se\/#\/schema\/person\/14e2112bfc3d724b3b8cf6b68f5b19ee\",\"name\":\"admin\",\"image\":{\"@type\":\"ImageObject\",\"inLanguage\":\"sv-SE\",\"@id\":\"https:\/\/www.bangbro.se\/#\/schema\/person\/image\/\",\"url\":\"https:\/\/secure.gravatar.com\/avatar\/c0baa9f0ecd2592c8f5cb9712b6f18de588ece659d77179c2e9d8553c5b8e566?s=96&d=mm&r=g\",\"contentUrl\":\"https:\/\/secure.gravatar.com\/avatar\/c0baa9f0ecd2592c8f5cb9712b6f18de588ece659d77179c2e9d8553c5b8e566?s=96&d=mm&r=g\",\"caption\":\"admin\"},\"sameAs\":[\"http:\/\/www.bangbro.se\"],\"url\":\"https:\/\/www.bangbro.se\/index.php\/author\/hart\/\"}]}<\/script>\n<!-- \/ Yoast SEO plugin. -->","yoast_head_json":{"title":"Seniorfrukost p\u00e5 B\u00e5ngbro Herrg\u00e5rd - B\u00e5ngbro Herrg\u00e5rd","description":"I samarbete med PRO bjuder vi in till en h\u00e4rlig Seniorfrukost i vacker herrg\u00e5rdsmilj\u00f6. Onsdag 4\/3 Kl. 8.30\u201310.30 G\u00e4ller alla 65+ Rabatterat pris: 119 kr F\u00f6ranm\u00e4lan till Inga-Lill B\u00e4cker 070-623 88 01 Anm\u00e4lan Senast 2\/3V\u00e4lkommen att njuta av en god frukost, trevligt s\u00e4llskap och en fin start p\u00e5 dagen!","robots":{"index":"index","follow":"follow","max-snippet":"max-snippet:-1","max-image-preview":"max-image-preview:large","max-video-preview":"max-video-preview:-1"},"canonical":"https:\/\/www.bangbro.se\/index.php\/2026\/02\/24\/seniorfrukost-pa-bangbro-herrgard\/","og_locale":"sv_SE","og_type":"article","og_title":"Seniorfrukost p\u00e5 B\u00e5ngbro Herrg\u00e5rd - B\u00e5ngbro Herrg\u00e5rd","og_description":"I samarbete med PRO bjuder vi in till en h\u00e4rlig Seniorfrukost i vacker herrg\u00e5rdsmilj\u00f6. Onsdag 4\/3 Kl. 8.30\u201310.30 G\u00e4ller alla 65+ Rabatterat pris: 119 kr F\u00f6ranm\u00e4lan till Inga-Lill B\u00e4cker 070-623 88 01 Anm\u00e4lan Senast 2\/3V\u00e4lkommen att njuta av en god frukost, trevligt s\u00e4llskap och en fin start p\u00e5 dagen!","og_url":"https:\/\/www.bangbro.se\/index.php\/2026\/02\/24\/seniorfrukost-pa-bangbro-herrgard\/","og_site_name":"B\u00e5ngbro Herrg\u00e5rd","article_publisher":"https:\/\/www.facebook.com\/profile.php?id=100057122364411","article_published_time":"2026-02-24T19:20:09+00:00","article_modified_time":"2026-02-24T19:20:10+00:00","og_image":[{"width":1080,"height":1080,"url":"https:\/\/www.bangbro.se\/wp-content\/uploads\/2026\/02\/PRO-Frukost-Inbjudan.png","type":"image\/png"}],"author":"admin","twitter_card":"summary_large_image","twitter_misc":{"Skriven av":"admin","Ber\u00e4knad l\u00e4stid":"3 minuter"},"schema":{"@context":"https:\/\/schema.org","@graph":[{"@type":"Article","@id":"https:\/\/www.bangbro.se\/index.php\/2026\/02\/24\/seniorfrukost-pa-bangbro-herrgard\/#article","isPartOf":{"@id":"https:\/\/www.bangbro.se\/index.php\/2026\/02\/24\/seniorfrukost-pa-bangbro-herrgard\/"},"author":{"name":"admin","@id":"https:\/\/www.bangbro.se\/#\/schema\/person\/14e2112bfc3d724b3b8cf6b68f5b19ee"},"headline":"Seniorfrukost p\u00e5 B\u00e5ngbro Herrg\u00e5rd","datePublished":"2026-02-24T19:20:09+00:00","dateModified":"2026-02-24T19:20:10+00:00","mainEntityOfPage":{"@id":"https:\/\/www.bangbro.se\/index.php\/2026\/02\/24\/seniorfrukost-pa-bangbro-herrgard\/"},"wordCount":58,"commentCount":0,"publisher":{"@id":"https:\/\/www.bangbro.se\/#organization"},"image":{"@id":"https:\/\/www.bangbro.se\/index.php\/2026\/02\/24\/seniorfrukost-pa-bangbro-herrgard\/#primaryimage"},"thumbnailUrl":"https:\/\/www.bangbro.se\/wp-content\/uploads\/2026\/02\/PRO-Frukost-Inbjudan.png","articleSection":["Event"],"inLanguage":"sv-SE","potentialAction":[{"@type":"CommentAction","name":"Comment","target":["https:\/\/www.bangbro.se\/index.php\/2026\/02\/24\/seniorfrukost-pa-bangbro-herrgard\/#respond"]}]},{"@type":"WebPage","@id":"https:\/\/www.bangbro.se\/index.php\/2026\/02\/24\/seniorfrukost-pa-bangbro-herrgard\/","url":"https:\/\/www.bangbro.se\/index.php\/2026\/02\/24\/seniorfrukost-pa-bangbro-herrgard\/","name":"Seniorfrukost p\u00e5 B\u00e5ngbro Herrg\u00e5rd - B\u00e5ngbro Herrg\u00e5rd","isPartOf":{"@id":"https:\/\/www.bangbro.se\/#website"},"primaryImageOfPage":{"@id":"https:\/\/www.bangbro.se\/index.php\/2026\/02\/24\/seniorfrukost-pa-bangbro-herrgard\/#primaryimage"},"image":{"@id":"https:\/\/www.bangbro.se\/index.php\/2026\/02\/24\/seniorfrukost-pa-bangbro-herrgard\/#primaryimage"},"thumbnailUrl":"https:\/\/www.bangbro.se\/wp-content\/uploads\/2026\/02\/PRO-Frukost-Inbjudan.png","datePublished":"2026-02-24T19:20:09+00:00","dateModified":"2026-02-24T19:20:10+00:00","description":"I samarbete med PRO bjuder vi in till en h\u00e4rlig Seniorfrukost i vacker herrg\u00e5rdsmilj\u00f6. Onsdag 4\/3 Kl. 8.30\u201310.30 G\u00e4ller alla 65+ Rabatterat pris: 119 kr F\u00f6ranm\u00e4lan till Inga-Lill B\u00e4cker 070-623 88 01 Anm\u00e4lan Senast 2\/3V\u00e4lkommen att njuta av en god frukost, trevligt s\u00e4llskap och en fin start p\u00e5 dagen!","breadcrumb":{"@id":"https:\/\/www.bangbro.se\/index.php\/2026\/02\/24\/seniorfrukost-pa-bangbro-herrgard\/#breadcrumb"},"inLanguage":"sv-SE","potentialAction":[{"@type":"ReadAction","target":["https:\/\/www.bangbro.se\/index.php\/2026\/02\/24\/seniorfrukost-pa-bangbro-herrgard\/"]}]},{"@type":"ImageObject","inLanguage":"sv-SE","@id":"https:\/\/www.bangbro.se\/index.php\/2026\/02\/24\/seniorfrukost-pa-bangbro-herrgard\/#primaryimage","url":"https:\/\/www.bangbro.se\/wp-content\/uploads\/2026\/02\/PRO-Frukost-Inbjudan.png","contentUrl":"https:\/\/www.bangbro.se\/wp-content\/uploads\/2026\/02\/PRO-Frukost-Inbjudan.png","width":1080,"height":1080},{"@type":"BreadcrumbList","@id":"https:\/\/www.bangbro.se\/index.php\/2026\/02\/24\/seniorfrukost-pa-bangbro-herrgard\/#breadcrumb","itemListElement":[{"@type":"ListItem","position":1,"name":"Hem","item":"https:\/\/www.bangbro.se\/"},{"@type":"ListItem","position":2,"name":"Seniorfrukost p\u00e5 B\u00e5ngbro Herrg\u00e5rd"}]},{"@type":"WebSite","@id":"https:\/\/www.bangbro.se\/#website","url":"https:\/\/www.bangbro.se\/","name":"B\u00e5ngbro Herrg\u00e5rd","description":"","publisher":{"@id":"https:\/\/www.bangbro.se\/#organization"},"potentialAction":[{"@type":"SearchAction","target":{"@type":"EntryPoint","urlTemplate":"https:\/\/www.bangbro.se\/?s={search_term_string}"},"query-input":{"@type":"PropertyValueSpecification","valueRequired":true,"valueName":"search_term_string"}}],"inLanguage":"sv-SE"},{"@type":"Organization","@id":"https:\/\/www.bangbro.se\/#organization","name":"B\u00e5ngbro Herrg\u00e5rd","url":"https:\/\/www.bangbro.se\/","logo":{"@type":"ImageObject","inLanguage":"sv-SE","@id":"https:\/\/www.bangbro.se\/#\/schema\/logo\/image\/","url":"https:\/\/www.bangbro.se\/wp-content\/uploads\/2025\/07\/Logo-org-vit.png","contentUrl":"https:\/\/www.bangbro.se\/wp-content\/uploads\/2025\/07\/Logo-org-vit.png","width":701,"height":326,"caption":"B\u00e5ngbro Herrg\u00e5rd"},"image":{"@id":"https:\/\/www.bangbro.se\/#\/schema\/logo\/image\/"},"sameAs":["https:\/\/www.facebook.com\/profile.php?id=100057122364411","https:\/\/www.instagram.com\/bangbro_herrgard\/"]},{"@type":"Person","@id":"https:\/\/www.bangbro.se\/#\/schema\/person\/14e2112bfc3d724b3b8cf6b68f5b19ee","name":"admin","image":{"@type":"ImageObject","inLanguage":"sv-SE","@id":"https:\/\/www.bangbro.se\/#\/schema\/person\/image\/","url":"https:\/\/secure.gravatar.com\/avatar\/c0baa9f0ecd2592c8f5cb9712b6f18de588ece659d77179c2e9d8553c5b8e566?s=96&d=mm&r=g","contentUrl":"https:\/\/secure.gravatar.com\/avatar\/c0baa9f0ecd2592c8f5cb9712b6f18de588ece659d77179c2e9d8553c5b8e566?s=96&d=mm&r=g","caption":"admin"},"sameAs":["http:\/\/www.bangbro.se"],"url":"https:\/\/www.bangbro.se\/index.php\/author\/hart\/"}]}},"jetpack_featured_media_url":"https:\/\/www.bangbro.se\/wp-content\/uploads\/2026\/02\/PRO-Frukost-Inbjudan.png","_links":{"self":[{"href":"https:\/\/www.bangbro.se\/index.php\/wp-json\/wp\/v2\/posts\/432","targetHints":{"allow":["GET"]}}],"collection":[{"href":"https:\/\/www.bangbro.se\/index.php\/wp-json\/wp\/v2\/posts"}],"about":[{"href":"https:\/\/www.bangbro.se\/index.php\/wp-json\/wp\/v2\/types\/post"}],"author":[{"embeddable":true,"href":"https:\/\/www.bangbro.se\/index.php\/wp-json\/wp\/v2\/users\/1"}],"replies":[{"embeddable":true,"href":"https:\/\/www.bangbro.se\/index.php\/wp-json\/wp\/v2\/comments?post=432"}],"version-history":[{"count":1,"href":"https:\/\/www.bangbro.se\/index.php\/wp-json\/wp\/v2\/posts\/432\/revisions"}],"predecessor-version":[{"id":434,"href":"https:\/\/www.bangbro.se\/index.php\/wp-json\/wp\/v2\/posts\/432\/revisions\/434"}],"wp:featuredmedia":[{"embeddable":true,"href":"https:\/\/www.bangbro.se\/index.php\/wp-json\/wp\/v2\/media\/433"}],"wp:attachment":[{"href":"https:\/\/www.bangbro.se\/index.php\/wp-json\/wp\/v2\/media?parent=432"}],"wp:term":[{"taxonomy":"category","embeddable":true,"href":"https:\/\/www.bangbro.se\/index.php\/wp-json\/wp\/v2\/categories?post=432"},{"taxonomy":"post_tag","embeddable":true,"href":"https:\/\/www.bangbro.se\/index.php\/wp-json\/wp\/v2\/tags?post=432"}],"curies":[{"name":"wp","href":"https:\/\/api.w.org\/{rel}","templated":true}]}}